{"id":314,"date":"2020-12-04T21:53:38","date_gmt":"2020-12-04T20:53:38","guid":{"rendered":"http:\/\/www.jordforeningen.no\/?p=314"},"modified":"2022-08-12T10:05:36","modified_gmt":"2022-08-12T08:05:36","slug":"verdens-jorddag-2020","status":"publish","type":"post","link":"https:\/\/www.jordforeningen.no\/?p=314","title":{"rendered":"Verdens jorddag 2020"},"content":{"rendered":"\n<figure class=\"wp-block-image size-large\"><img loading=\"lazy\" width=\"512\" height=\"174\" src=\"http:\/\/www.jordforeningen.no\/wp-content\/uploads\/2020\/12\/unnamed.jpg\" alt=\"\" class=\"wp-image-320\" srcset=\"https:\/\/www.jordforeningen.no\/wp-content\/uploads\/2020\/12\/unnamed.jpg 512w, https:\/\/www.jordforeningen.no\/wp-content\/uploads\/2020\/12\/unnamed-300x102.jpg 300w\" sizes=\"(max-width: 512px) 100vw, 512px\" \/><\/figure>\n\n\n\n<p>Foredrag av Professor Rattan Lal i anledning FNs internasjonale jorddag<\/p>\n\n\n\n<p>Nedenfor finner du en lenke til et foredrag av den kjente jordforskeren Prof. Rattan Lal fra Ohio State University i anledning FNs jorddag 5. desember 2020. Her snakker Lal f\u00f8rst litt om jorddagen og s\u00e5 om jord i lys av b\u00e6rekraftm\u00e5lene, hvordan og hvorfor jordhelse er s\u00e5 viktig, hva regenerativt landbruk er og hva effekten av \u00abfarming carbon\u00bb er. Innsiktsfullt, ambisi\u00f8st og fengende. Og med en usvikelig tro p\u00e5 jord som en viktig del av l\u00f8sningene. Med Lal\u2019s egne ord: In soil we trust! <\/p>\n\n\n\n<figure class=\"wp-block-image size-large\"><img loading=\"lazy\" width=\"920\" height=\"241\" src=\"http:\/\/www.jordforeningen.no\/wp-content\/uploads\/2020\/12\/WorldSoildayLanguages.jpg\" alt=\"\" class=\"wp-image-315\" srcset=\"https:\/\/www.jordforeningen.no\/wp-content\/uploads\/2020\/12\/WorldSoildayLanguages.jpg 920w, https:\/\/www.jordforeningen.no\/wp-content\/uploads\/2020\/12\/WorldSoildayLanguages-300x79.jpg 300w, https:\/\/www.jordforeningen.no\/wp-content\/uploads\/2020\/12\/WorldSoildayLanguages-768x201.jpg 768w\" sizes=\"(max-width: 920px) 100vw, 920px\" \/><\/figure>\n\n\n\n<p>\u00c5pnes i en ny fane <a rel=\"noreferrer noopener\" href=\"https:\/\/osu.zoom.us\/rec\/share\/kIo7CxABn4L0MhDOiHGzXiNn4KniryFEFV0RPZ9zrpd_uxOOX6il5iNg6UriP2z4.B6Kjnk1CWTm7Ha2H\" target=\"_blank\">https:\/\/osu.zoom.us\/rec\/share\/kIo7CxABn4L0MhDOiHGzXiNn4KniryFEFV0RPZ9zrpd_uxOOX6il5iNg6UriP2z4.B6Kjnk1CWTm7Ha2H<\/a><\/p>\n","protected":false},"excerpt":{"rendered":"<p>Foredrag av Professor Rattan Lal i anledning FNs internasjonale jorddag Nedenfor finner du en lenke til et foredrag av den kjente jordforskeren Prof. Rattan Lal fra Ohio State University i anledning FNs jorddag 5. desember 2020. Her snakker Lal f\u00f8rst litt om jorddagen og s\u00e5 om jord i lys av [&hellip;]<\/p>\n","protected":false},"author":1,"featured_media":0,"comment_status":"closed","ping_status":"closed","sticky":false,"template":"","format":"standard","meta":[],"categories":[7],"tags":[],"_links":{"self":[{"href":"https:\/\/www.jordforeningen.no\/index.php?rest_route=\/wp\/v2\/posts\/314"}],"collection":[{"href":"https:\/\/www.jordforeningen.no\/index.php?rest_route=\/wp\/v2\/posts"}],"about":[{"href":"https:\/\/www.jordforeningen.no\/index.php?rest_route=\/wp\/v2\/types\/post"}],"author":[{"embeddable":true,"href":"https:\/\/www.jordforeningen.no\/index.php?rest_route=\/wp\/v2\/users\/1"}],"replies":[{"embeddable":true,"href":"https:\/\/www.jordforeningen.no\/index.php?rest_route=%2Fwp%2Fv2%2Fcomments&post=314"}],"version-history":[{"count":2,"href":"https:\/\/www.jordforeningen.no\/index.php?rest_route=\/wp\/v2\/posts\/314\/revisions"}],"predecessor-version":[{"id":321,"href":"https:\/\/www.jordforeningen.no\/index.php?rest_route=\/wp\/v2\/posts\/314\/revisions\/321"}],"wp:attachment":[{"href":"https:\/\/www.jordforeningen.no\/index.php?rest_route=%2Fwp%2Fv2%2Fmedia&parent=314"}],"wp:term":[{"taxonomy":"category","embeddable":true,"href":"https:\/\/www.jordforeningen.no\/index.php?rest_route=%2Fwp%2Fv2%2Fcategories&post=314"},{"taxonomy":"post_tag","embeddable":true,"href":"https:\/\/www.jordforeningen.no\/index.php?rest_route=%2Fwp%2Fv2%2Ftags&post=314"}],"curies":[{"name":"wp","href":"https:\/\/api.w.org\/{rel}","templated":true}]}}